{"id":1526,"date":"2025-10-22T20:47:50","date_gmt":"2025-10-22T18:47:50","guid":{"rendered":"https:\/\/www.hungryforhungary.com\/?p=1526"},"modified":"2025-10-22T20:47:50","modified_gmt":"2025-10-22T18:47:50","slug":"new-hungarian-nobel-prize","status":"publish","type":"post","link":"https:\/\/www.hungryforhungary.com\/index.php\/2025\/10\/22\/new-hungarian-nobel-prize\/","title":{"rendered":"New Hungarian Nobel prize"},"content":{"rendered":"<section class=\"wpb-content-wrapper\"><p>[vc_row][vc_column][vc_column_text css_animation=&#8221;bottom-to-top&#8221;]<\/p>\n<div class=\"title-h3\">New Hungarian nobel prize<\/div>\n<p>[\/vc_column_text]<div class=\"clearboth\"><\/div><style>#thegem-divider-69f2d35a8b521 {margin-top: -10px !important;}<\/style><div id=\"thegem-divider-69f2d35a8b521\" class=\"gem-divider  \" style=\"\" ><\/div>[vc_column_text css_animation=&#8221;bottom-to-top&#8221;]I&#8217;m very proud to announce that the Hungarian writer L\u00e1szl\u00f3 Krasznahorkai won the 2005 Nobel prize in Literature.\u00a0The author received the prize for his visionary oeuvre, which, according to the Academy, affirms the power of art in the midst of apocalyptic terror. He is not the first Hungarian writer winning the prize in Literature as Imre Kert\u00e9sz also have been awarded for his roman Faithless in 2002.<\/p>\n<p>Two years ago there were two more Hungarian awarded scientists: Katalin Karik\u00f3 has been awarded the 2023 Nobel Prize in Medicine for the development of mRNA-based vaccine technology, which has been successfully used in the fight against the COVID-19 pandemic.\u00a0 Moreover Ferenc Krausz also has been awarded in Physics \u201cfor experimental methods that generate attosecond pulses of light for the study of electron dynamics in matter&#8221;.[\/vc_column_text]<div class=\"clearboth\"><\/div><style>#thegem-divider-69f2d35a8b53d {margin-top: 50px !important;}<\/style><div id=\"thegem-divider-69f2d35a8b53d\" class=\"gem-divider  \" style=\"\" ><\/div><div class=\"gem-image gem-wrapbox gem-wrapbox-style-default gem-wrapbox-position-below\"  style=\"\"><div class=\"gem-wrapbox-inner \" ><a href=\"https:\/\/www.hungryforhungary.com\/wp-content\/uploads\/2025\/10\/FB_IMG_1760122952189.jpg\" class=\"fancybox\"><img decoding=\"async\" class=\"gem-wrapbox-element img-responsive\" src=\"https:\/\/www.hungryforhungary.com\/wp-content\/uploads\/2025\/10\/FB_IMG_1760122952189.jpg\" alt=\"\"\/><\/a><\/div><\/div>[vc_column_text css_animation=&#8221;bottom-to-top&#8221;]So L\u00e1szl\u00f3 Krasznahorkai is the 17th Hungarian Nobel prize owner which is quite a nice number regarding the population of our country.<\/p>\n<p>Congratulations to all of them![\/vc_column_text][\/vc_column][\/vc_row][vc_row][vc_column][\/vc_column][\/vc_row]<\/p>\n<\/section>","protected":false},"excerpt":{"rendered":"<p>[vc_row][vc_column][vc_column_text css_animation=&#8221;bottom-to-top&#8221;] New Hungarian nobel prize [\/vc_column_text][vc_column_text css_animation=&#8221;bottom-to-top&#8221;]I&#8217;m very proud to announce that the Hungarian writer L\u00e1szl\u00f3 Krasznahorkai won the&#8230;<\/p>\n","protected":false},"author":3,"featured_media":1527,"comment_status":"closed","ping_status":"closed","sticky":false,"template":"","format":"standard","meta":{"footnotes":""},"categories":[46],"tags":[],"class_list":{"0":"post-1526","1":"post","2":"type-post","3":"status-publish","4":"format-standard","5":"has-post-thumbnail","7":"category-hungry-for-hungary"},"yoast_head":"<!-- This site is optimized with the Yoast SEO plugin v19.13 - https:\/\/yoast.com\/wordpress\/plugins\/seo\/ -->\n<title>New Hungarian Nobel prize - Hungry for Hungary<\/title>\n<meta name=\"robots\" content=\"index, follow, max-snippet:-1, max-image-preview:large, max-video-preview:-1\" \/>\n<link rel=\"canonical\" href=\"https:\/\/www.hungryforhungary.com\/index.php\/2025\/10\/22\/new-hungarian-nobel-prize\/\" \/>\n<meta property=\"og:locale\" content=\"hu_HU\" \/>\n<meta property=\"og:type\" content=\"article\" \/>\n<meta property=\"og:title\" content=\"New Hungarian Nobel prize - Hungry for Hungary\" \/>\n<meta property=\"og:description\" content=\"[vc_row][vc_column][vc_column_text css_animation=&#8221;bottom-to-top&#8221;] New Hungarian nobel prize [\/vc_column_text][vc_column_text css_animation=&#8221;bottom-to-top&#8221;]I&#8217;m very proud to announce that the Hungarian writer L\u00e1szl\u00f3 Krasznahorkai won the...\" \/>\n<meta property=\"og:url\" content=\"https:\/\/www.hungryforhungary.com\/index.php\/2025\/10\/22\/new-hungarian-nobel-prize\/\" \/>\n<meta property=\"og:site_name\" content=\"Hungry for Hungary\" \/>\n<meta property=\"article:publisher\" content=\"https:\/\/www.facebook.com\/hungryforhungary\" \/>\n<meta property=\"article:published_time\" content=\"2025-10-22T18:47:50+00:00\" \/>\n<meta property=\"og:image\" content=\"https:\/\/www.hungryforhungary.com\/wp-content\/uploads\/2025\/10\/65208861_f03b22c273ac5365238a54d91817b004_wm.jpg\" \/>\n\t<meta property=\"og:image:width\" content=\"1108\" \/>\n\t<meta property=\"og:image:height\" content=\"623\" \/>\n\t<meta property=\"og:image:type\" content=\"image\/jpeg\" \/>\n<meta name=\"author\" content=\"andi\" \/>\n<meta name=\"twitter:card\" content=\"summary_large_image\" \/>\n<meta name=\"twitter:label1\" content=\"Szerz\u0151:\" \/>\n\t<meta name=\"twitter:data1\" content=\"andi\" \/>\n\t<meta name=\"twitter:label2\" content=\"Becs\u00fclt olvas\u00e1si id\u0151\" \/>\n\t<meta name=\"twitter:data2\" content=\"1 perc\" \/>\n<script type=\"application\/ld+json\" class=\"yoast-schema-graph\">{\"@context\":\"https:\/\/schema.org\",\"@graph\":[{\"@type\":\"Article\",\"@id\":\"https:\/\/www.hungryforhungary.com\/index.php\/2025\/10\/22\/new-hungarian-nobel-prize\/#article\",\"isPartOf\":{\"@id\":\"https:\/\/www.hungryforhungary.com\/index.php\/2025\/10\/22\/new-hungarian-nobel-prize\/\"},\"author\":{\"name\":\"andi\",\"@id\":\"https:\/\/www.hungryforhungary.com\/#\/schema\/person\/64797041b3cae543446312ea0935219a\"},\"headline\":\"New Hungarian Nobel prize\",\"datePublished\":\"2025-10-22T18:47:50+00:00\",\"dateModified\":\"2025-10-22T18:47:50+00:00\",\"mainEntityOfPage\":{\"@id\":\"https:\/\/www.hungryforhungary.com\/index.php\/2025\/10\/22\/new-hungarian-nobel-prize\/\"},\"wordCount\":224,\"publisher\":{\"@id\":\"https:\/\/www.hungryforhungary.com\/#organization\"},\"articleSection\":[\"Hungry for Hungary\"],\"inLanguage\":\"hu\"},{\"@type\":\"WebPage\",\"@id\":\"https:\/\/www.hungryforhungary.com\/index.php\/2025\/10\/22\/new-hungarian-nobel-prize\/\",\"url\":\"https:\/\/www.hungryforhungary.com\/index.php\/2025\/10\/22\/new-hungarian-nobel-prize\/\",\"name\":\"New Hungarian Nobel prize - Hungry for Hungary\",\"isPartOf\":{\"@id\":\"https:\/\/www.hungryforhungary.com\/#website\"},\"datePublished\":\"2025-10-22T18:47:50+00:00\",\"dateModified\":\"2025-10-22T18:47:50+00:00\",\"breadcrumb\":{\"@id\":\"https:\/\/www.hungryforhungary.com\/index.php\/2025\/10\/22\/new-hungarian-nobel-prize\/#breadcrumb\"},\"inLanguage\":\"hu\",\"potentialAction\":[{\"@type\":\"ReadAction\",\"target\":[\"https:\/\/www.hungryforhungary.com\/index.php\/2025\/10\/22\/new-hungarian-nobel-prize\/\"]}]},{\"@type\":\"BreadcrumbList\",\"@id\":\"https:\/\/www.hungryforhungary.com\/index.php\/2025\/10\/22\/new-hungarian-nobel-prize\/#breadcrumb\",\"itemListElement\":[{\"@type\":\"ListItem\",\"position\":1,\"name\":\"Kezd\u0151lap\",\"item\":\"https:\/\/www.hungryforhungary.com\/\"},{\"@type\":\"ListItem\",\"position\":2,\"name\":\"New Hungarian Nobel prize\"}]},{\"@type\":\"WebSite\",\"@id\":\"https:\/\/www.hungryforhungary.com\/#website\",\"url\":\"https:\/\/www.hungryforhungary.com\/\",\"name\":\"Hungry for Hungary\",\"description\":\"Egy \u00fajabb WordPress honlap\",\"publisher\":{\"@id\":\"https:\/\/www.hungryforhungary.com\/#organization\"},\"potentialAction\":[{\"@type\":\"SearchAction\",\"target\":{\"@type\":\"EntryPoint\",\"urlTemplate\":\"https:\/\/www.hungryforhungary.com\/?s={search_term_string}\"},\"query-input\":\"required name=search_term_string\"}],\"inLanguage\":\"hu\"},{\"@type\":\"Organization\",\"@id\":\"https:\/\/www.hungryforhungary.com\/#organization\",\"name\":\"Hungry for Hungary\",\"url\":\"https:\/\/www.hungryforhungary.com\/\",\"logo\":{\"@type\":\"ImageObject\",\"inLanguage\":\"hu\",\"@id\":\"https:\/\/www.hungryforhungary.com\/#\/schema\/logo\/image\/\",\"url\":\"https:\/\/www.hungryforhungary.com\/wp-content\/uploads\/2022\/06\/H4H-logo-h-350x94-1.png\",\"contentUrl\":\"https:\/\/www.hungryforhungary.com\/wp-content\/uploads\/2022\/06\/H4H-logo-h-350x94-1.png\",\"width\":350,\"height\":94,\"caption\":\"Hungry for Hungary\"},\"image\":{\"@id\":\"https:\/\/www.hungryforhungary.com\/#\/schema\/logo\/image\/\"},\"sameAs\":[\"https:\/\/www.instagram.com\/hungry.for.hungary\/\",\"https:\/\/www.facebook.com\/hungryforhungary\"]},{\"@type\":\"Person\",\"@id\":\"https:\/\/www.hungryforhungary.com\/#\/schema\/person\/64797041b3cae543446312ea0935219a\",\"name\":\"andi\",\"image\":{\"@type\":\"ImageObject\",\"inLanguage\":\"hu\",\"@id\":\"https:\/\/www.hungryforhungary.com\/#\/schema\/person\/image\/\",\"url\":\"https:\/\/secure.gravatar.com\/avatar\/f5bc3f7ddcd379750671269043ce03d64d75e4c26ed1668db70f3f89b701228e?s=96&d=mm&r=g\",\"contentUrl\":\"https:\/\/secure.gravatar.com\/avatar\/f5bc3f7ddcd379750671269043ce03d64d75e4c26ed1668db70f3f89b701228e?s=96&d=mm&r=g\",\"caption\":\"andi\"},\"url\":\"https:\/\/www.hungryforhungary.com\/index.php\/author\/andi\/\"}]}<\/script>\n<!-- \/ Yoast SEO plugin. -->","yoast_head_json":{"title":"New Hungarian Nobel prize - Hungry for Hungary","robots":{"index":"index","follow":"follow","max-snippet":"max-snippet:-1","max-image-preview":"max-image-preview:large","max-video-preview":"max-video-preview:-1"},"canonical":"https:\/\/www.hungryforhungary.com\/index.php\/2025\/10\/22\/new-hungarian-nobel-prize\/","og_locale":"hu_HU","og_type":"article","og_title":"New Hungarian Nobel prize - Hungry for Hungary","og_description":"[vc_row][vc_column][vc_column_text css_animation=&#8221;bottom-to-top&#8221;] New Hungarian nobel prize [\/vc_column_text][vc_column_text css_animation=&#8221;bottom-to-top&#8221;]I&#8217;m very proud to announce that the Hungarian writer L\u00e1szl\u00f3 Krasznahorkai won the...","og_url":"https:\/\/www.hungryforhungary.com\/index.php\/2025\/10\/22\/new-hungarian-nobel-prize\/","og_site_name":"Hungry for Hungary","article_publisher":"https:\/\/www.facebook.com\/hungryforhungary","article_published_time":"2025-10-22T18:47:50+00:00","og_image":[{"width":1108,"height":623,"url":"https:\/\/www.hungryforhungary.com\/wp-content\/uploads\/2025\/10\/65208861_f03b22c273ac5365238a54d91817b004_wm.jpg","type":"image\/jpeg"}],"author":"andi","twitter_card":"summary_large_image","twitter_misc":{"Szerz\u0151:":"andi","Becs\u00fclt olvas\u00e1si id\u0151":"1 perc"},"schema":{"@context":"https:\/\/schema.org","@graph":[{"@type":"Article","@id":"https:\/\/www.hungryforhungary.com\/index.php\/2025\/10\/22\/new-hungarian-nobel-prize\/#article","isPartOf":{"@id":"https:\/\/www.hungryforhungary.com\/index.php\/2025\/10\/22\/new-hungarian-nobel-prize\/"},"author":{"name":"andi","@id":"https:\/\/www.hungryforhungary.com\/#\/schema\/person\/64797041b3cae543446312ea0935219a"},"headline":"New Hungarian Nobel prize","datePublished":"2025-10-22T18:47:50+00:00","dateModified":"2025-10-22T18:47:50+00:00","mainEntityOfPage":{"@id":"https:\/\/www.hungryforhungary.com\/index.php\/2025\/10\/22\/new-hungarian-nobel-prize\/"},"wordCount":224,"publisher":{"@id":"https:\/\/www.hungryforhungary.com\/#organization"},"articleSection":["Hungry for Hungary"],"inLanguage":"hu"},{"@type":"WebPage","@id":"https:\/\/www.hungryforhungary.com\/index.php\/2025\/10\/22\/new-hungarian-nobel-prize\/","url":"https:\/\/www.hungryforhungary.com\/index.php\/2025\/10\/22\/new-hungarian-nobel-prize\/","name":"New Hungarian Nobel prize - Hungry for Hungary","isPartOf":{"@id":"https:\/\/www.hungryforhungary.com\/#website"},"datePublished":"2025-10-22T18:47:50+00:00","dateModified":"2025-10-22T18:47:50+00:00","breadcrumb":{"@id":"https:\/\/www.hungryforhungary.com\/index.php\/2025\/10\/22\/new-hungarian-nobel-prize\/#breadcrumb"},"inLanguage":"hu","potentialAction":[{"@type":"ReadAction","target":["https:\/\/www.hungryforhungary.com\/index.php\/2025\/10\/22\/new-hungarian-nobel-prize\/"]}]},{"@type":"BreadcrumbList","@id":"https:\/\/www.hungryforhungary.com\/index.php\/2025\/10\/22\/new-hungarian-nobel-prize\/#breadcrumb","itemListElement":[{"@type":"ListItem","position":1,"name":"Kezd\u0151lap","item":"https:\/\/www.hungryforhungary.com\/"},{"@type":"ListItem","position":2,"name":"New Hungarian Nobel prize"}]},{"@type":"WebSite","@id":"https:\/\/www.hungryforhungary.com\/#website","url":"https:\/\/www.hungryforhungary.com\/","name":"Hungry for Hungary","description":"Egy \u00fajabb WordPress honlap","publisher":{"@id":"https:\/\/www.hungryforhungary.com\/#organization"},"potentialAction":[{"@type":"SearchAction","target":{"@type":"EntryPoint","urlTemplate":"https:\/\/www.hungryforhungary.com\/?s={search_term_string}"},"query-input":"required name=search_term_string"}],"inLanguage":"hu"},{"@type":"Organization","@id":"https:\/\/www.hungryforhungary.com\/#organization","name":"Hungry for Hungary","url":"https:\/\/www.hungryforhungary.com\/","logo":{"@type":"ImageObject","inLanguage":"hu","@id":"https:\/\/www.hungryforhungary.com\/#\/schema\/logo\/image\/","url":"https:\/\/www.hungryforhungary.com\/wp-content\/uploads\/2022\/06\/H4H-logo-h-350x94-1.png","contentUrl":"https:\/\/www.hungryforhungary.com\/wp-content\/uploads\/2022\/06\/H4H-logo-h-350x94-1.png","width":350,"height":94,"caption":"Hungry for Hungary"},"image":{"@id":"https:\/\/www.hungryforhungary.com\/#\/schema\/logo\/image\/"},"sameAs":["https:\/\/www.instagram.com\/hungry.for.hungary\/","https:\/\/www.facebook.com\/hungryforhungary"]},{"@type":"Person","@id":"https:\/\/www.hungryforhungary.com\/#\/schema\/person\/64797041b3cae543446312ea0935219a","name":"andi","image":{"@type":"ImageObject","inLanguage":"hu","@id":"https:\/\/www.hungryforhungary.com\/#\/schema\/person\/image\/","url":"https:\/\/secure.gravatar.com\/avatar\/f5bc3f7ddcd379750671269043ce03d64d75e4c26ed1668db70f3f89b701228e?s=96&d=mm&r=g","contentUrl":"https:\/\/secure.gravatar.com\/avatar\/f5bc3f7ddcd379750671269043ce03d64d75e4c26ed1668db70f3f89b701228e?s=96&d=mm&r=g","caption":"andi"},"url":"https:\/\/www.hungryforhungary.com\/index.php\/author\/andi\/"}]}},"_links":{"self":[{"href":"https:\/\/www.hungryforhungary.com\/index.php\/wp-json\/wp\/v2\/posts\/1526","targetHints":{"allow":["GET"]}}],"collection":[{"href":"https:\/\/www.hungryforhungary.com\/index.php\/wp-json\/wp\/v2\/posts"}],"about":[{"href":"https:\/\/www.hungryforhungary.com\/index.php\/wp-json\/wp\/v2\/types\/post"}],"author":[{"embeddable":true,"href":"https:\/\/www.hungryforhungary.com\/index.php\/wp-json\/wp\/v2\/users\/3"}],"replies":[{"embeddable":true,"href":"https:\/\/www.hungryforhungary.com\/index.php\/wp-json\/wp\/v2\/comments?post=1526"}],"version-history":[{"count":1,"href":"https:\/\/www.hungryforhungary.com\/index.php\/wp-json\/wp\/v2\/posts\/1526\/revisions"}],"predecessor-version":[{"id":1529,"href":"https:\/\/www.hungryforhungary.com\/index.php\/wp-json\/wp\/v2\/posts\/1526\/revisions\/1529"}],"wp:featuredmedia":[{"embeddable":true,"href":"https:\/\/www.hungryforhungary.com\/index.php\/wp-json\/wp\/v2\/media\/1527"}],"wp:attachment":[{"href":"https:\/\/www.hungryforhungary.com\/index.php\/wp-json\/wp\/v2\/media?parent=1526"}],"wp:term":[{"taxonomy":"category","embeddable":true,"href":"https:\/\/www.hungryforhungary.com\/index.php\/wp-json\/wp\/v2\/categories?post=1526"},{"taxonomy":"post_tag","embeddable":true,"href":"https:\/\/www.hungryforhungary.com\/index.php\/wp-json\/wp\/v2\/tags?post=1526"}],"curies":[{"name":"wp","href":"https:\/\/api.w.org\/{rel}","templated":true}]}}